{"id":29208,"date":"2016-10-14T16:39:24","date_gmt":"2016-10-14T15:39:24","guid":{"rendered":"http:\/\/www.libraria-occitana.org\/?p=29208&#038;lang=en"},"modified":"2016-10-14T16:39:24","modified_gmt":"2016-10-14T15:39:24","slug":"cosina-e-occitan-a-las-alas-de-limotges","status":"publish","type":"post","link":"https:\/\/www.libraria-occitana.org\/en\/cosina-e-occitan-a-las-alas-de-limotges\/","title":{"rendered":"Cosina e occitan a las Alas de Lim\u00f2tges"},"content":{"rendered":"<p><strong>Per la Setmana dau Gost, la Libraria occitana\u00a0e\u00a0H\u00e9l\u00e8ne &amp; Nicolas Primeurs vos conviden a descubrir e saborar daus plats lemosins.<\/strong><\/p>\n<h3>Libres en scena<\/h3>\n<p>Pendent tot lo mes d&#8217;oct\u00f2bre e d&#8217;aiciant&#8217; a la meitat dau mes m\u00f2rt, trobaretz daus libres de la Libraria occitana en veirina a las Alas. Si quauqu&#8217;uns vos fan envia, coneissetz l&#8217;adre\u00e7a, 26, rua Viena-Nauta, mas se poden tanben reservar entre chauls e racinas au banc de H\u00e9l\u00e8ne &amp; Nicolas Primeurs !<\/p>\n<p>&nbsp;<\/p>\n<p><a href=\"http:\/\/www.libraria-occitana.org\/wp-content\/uploads\/2016\/10\/veirina.jpg\"><img loading=\"lazy\" decoding=\"async\" class=\"alignnone wp-image-29183 size-large\" src=\"http:\/\/www.libraria-occitana.org\/wp-content\/uploads\/2016\/10\/veirina-e1476455655813.jpg\" alt=\"veirina\" width=\"590\" height=\"399\" srcset=\"https:\/\/www.libraria-occitana.org\/wp-content\/uploads\/2016\/10\/veirina-e1476455655813.jpg 590w, https:\/\/www.libraria-occitana.org\/wp-content\/uploads\/2016\/10\/veirina-e1476455655813-388x262.jpg 388w, https:\/\/www.libraria-occitana.org\/wp-content\/uploads\/2016\/10\/veirina-e1476455655813-444x300.jpg 444w, https:\/\/www.libraria-occitana.org\/wp-content\/uploads\/2016\/10\/veirina-e1476455655813-300x203.jpg 300w, https:\/\/www.libraria-occitana.org\/wp-content\/uploads\/2016\/10\/veirina-e1476455655813-150x101.jpg 150w, https:\/\/www.libraria-occitana.org\/wp-content\/uploads\/2016\/10\/veirina-e1476455655813-232x157.jpg 232w\" sizes=\"auto, (max-width: 590px) 100vw, 590px\" \/><\/a><\/p>\n<h3>&#8216;Chaptatz en occitan<\/h3>\n<p>Chas H\u00e9l\u00e8ne &amp; Nicolas, lo banc es a las colors occitanas. La frucha e las legumas an &#8216;n&#8217; estiqueta dins la linga per l&#8217;enchaison. De qu\u00e9 vos far\u00a0suvenir o aprener quauques mots en tut far v\u00f2stras comessis !<\/p>\n<p><a href=\"http:\/\/www.libraria-occitana.org\/wp-content\/uploads\/2016\/10\/banc.jpg\"><img loading=\"lazy\" decoding=\"async\" class=\"alignnone wp-image-29190 size-large\" src=\"http:\/\/www.libraria-occitana.org\/wp-content\/uploads\/2016\/10\/banc-e1476455714958.jpg\" alt=\"banc\" width=\"590\" height=\"443\" srcset=\"https:\/\/www.libraria-occitana.org\/wp-content\/uploads\/2016\/10\/banc-e1476455714958.jpg 590w, https:\/\/www.libraria-occitana.org\/wp-content\/uploads\/2016\/10\/banc-e1476455714958-388x291.jpg 388w, https:\/\/www.libraria-occitana.org\/wp-content\/uploads\/2016\/10\/banc-e1476455714958-444x333.jpg 444w, https:\/\/www.libraria-occitana.org\/wp-content\/uploads\/2016\/10\/banc-e1476455714958-300x225.jpg 300w, https:\/\/www.libraria-occitana.org\/wp-content\/uploads\/2016\/10\/banc-e1476455714958-150x113.jpg 150w, https:\/\/www.libraria-occitana.org\/wp-content\/uploads\/2016\/10\/banc-e1476455714958-232x174.jpg 232w\" sizes=\"auto, (max-width: 590px) 100vw, 590px\" \/><\/a><\/p>\n<h3>Degustacion-descuberta<\/h3>\n<p>Divendres 15 e dissades 16 d&#8217;oct\u00f2bre de 10h a 12h, venetz descubrir daus plats dau pa\u00eds, bargassar sus la cosina e v\u00f2stres biais de far, en franc\u00e9s e\/o en occitan. Ne&#8217;n tornaretz plan emb d&#8217;un bocin de receta o quauque\u00a0bon libre !<\/p>\n<h3>Per ne&#8217;n saubre mai<\/h3>\n<p>H\u00e9l\u00e8ne &amp; Nicolas Primeurs &#8211; 05 55 33 54 02 \/ 06 23 88 72 55<br \/>\nLibraria occitana &#8211; 05 55 32 06 44<\/p>\n","protected":false},"excerpt":{"rendered":"<p>Per la Setmana dau Gost, la Libraria occitana\u00a0e\u00a0H\u00e9l\u00e8ne &amp; Nicolas Primeurs vos conviden a descubrir e saborar daus plats lemosins. Libres en scena Pendent tot lo mes d&#8217;oct\u00f2bre e d&#8217;aiciant&#8217; a la meitat dau mes m\u00f2rt, trobaretz daus libres de la Libraria occitana en veirina a las Alas. Si quauqu&#8217;uns vos fan envia, coneissetz l&#8217;adre\u00e7a, [&hellip;]<\/p>\n","protected":false},"author":1,"featured_media":29187,"comment_status":"closed","ping_status":"closed","sticky":false,"template":"","format":"standard","meta":{"_acf_changed":false,"_genesis_hide_title":false,"_genesis_hide_breadcrumbs":false,"_genesis_hide_singular_image":false,"_genesis_hide_footer_widgets":false,"_genesis_custom_body_class":"","_genesis_custom_post_class":"","_genesis_layout":"","footnotes":""},"categories":[153],"tags":[],"class_list":{"0":"post-29208","1":"post","2":"type-post","3":"status-publish","4":"format-standard","5":"has-post-thumbnail","7":"category-events-outings","8":"entry"},"acf":[],"_links":{"self":[{"href":"https:\/\/www.libraria-occitana.org\/en\/wp-json\/wp\/v2\/posts\/29208","targetHints":{"allow":["GET"]}}],"collection":[{"href":"https:\/\/www.libraria-occitana.org\/en\/wp-json\/wp\/v2\/posts"}],"about":[{"href":"https:\/\/www.libraria-occitana.org\/en\/wp-json\/wp\/v2\/types\/post"}],"author":[{"embeddable":true,"href":"https:\/\/www.libraria-occitana.org\/en\/wp-json\/wp\/v2\/users\/1"}],"replies":[{"embeddable":true,"href":"https:\/\/www.libraria-occitana.org\/en\/wp-json\/wp\/v2\/comments?post=29208"}],"version-history":[{"count":0,"href":"https:\/\/www.libraria-occitana.org\/en\/wp-json\/wp\/v2\/posts\/29208\/revisions"}],"wp:featuredmedia":[{"embeddable":true,"href":"https:\/\/www.libraria-occitana.org\/en\/wp-json\/wp\/v2\/media\/29187"}],"wp:attachment":[{"href":"https:\/\/www.libraria-occitana.org\/en\/wp-json\/wp\/v2\/media?parent=29208"}],"wp:term":[{"taxonomy":"category","embeddable":true,"href":"https:\/\/www.libraria-occitana.org\/en\/wp-json\/wp\/v2\/categories?post=29208"},{"taxonomy":"post_tag","embeddable":true,"href":"https:\/\/www.libraria-occitana.org\/en\/wp-json\/wp\/v2\/tags?post=29208"}],"curies":[{"name":"wp","href":"https:\/\/api.w.org\/{rel}","templated":true}]}}