{"id":50853,"date":"2019-12-07T15:39:06","date_gmt":"2019-12-07T14:39:06","guid":{"rendered":"http:\/\/www.libraria-occitana.org\/histoire-de-loccitanie-un-indispensable\/"},"modified":"2020-05-07T15:49:26","modified_gmt":"2020-05-07T13:49:26","slug":"histoire-de-loccitanie-un-indispensable","status":"publish","type":"post","link":"https:\/\/www.libraria-occitana.org\/en\/histoire-de-loccitanie-un-indispensable\/","title":{"rendered":"Histoire de l&#8217;Occitanie : Un indispensable"},"content":{"rendered":"<p>C\u2019est l\u2019histoire, de la Pr\u00e9histoire \u00e0 nos jours, de la \u00ab grande Occitanie \u00bb, celle qui du Limousin aux Pyr\u00e9n\u00e9es et de l\u2019Atlantique aux Alpes, fut unie \u00e0 partir du Moyen-\u00c2ge par une m\u00eame langue, l\u2019occitan (et non la nouvelle r\u00e9gion administrative !). L\u2019expos\u00e9 est clair et vivant, ponctu\u00e9 de rep\u00e8res chronologiques. Pour une fois, l\u2019histoire est vue du c\u00f4t\u00e9 occitan et non fran\u00e7ais. Un indispensable pour (mieux) conna\u00eetre notre histoire, d\u00e9velopper un regard critique sur l\u2019Histoire officielle, et \u00e9viter les pi\u00e8ges du \u00ab mythe national \u00bb.<\/p>\n<p>EAN 9782367470597<br \/>\n<em>Histoire de l\u2019Occitanie : Le point de vue occitan<\/em>, Philippe Martel, \u00c9ditions Yoran Embanner, 2019, 441 p., 11 x 17 cm, 12,00 \u20ac.<\/p>\n<p><a href=\"http:\/\/www.libraria-occitana.org\/produit\/histoire-de-loccitanie-le-point-de-vue-occitan\/\"><img loading=\"lazy\" decoding=\"async\" class=\"alignnone size-medium wp-image-16726\" src=\"http:\/\/www.libraria-occitana.org\/wp-content\/uploads\/2015\/03\/je-le-veux.jpg\" alt=\"je-le-veux\" width=\"97\" height=\"28\" \/><\/a><\/p>\n","protected":false},"excerpt":{"rendered":"<p>C\u2019est l\u2019histoire, de la Pr\u00e9histoire \u00e0 nos jours, de la \u00ab grande Occitanie \u00bb, celle qui du Limousin aux Pyr\u00e9n\u00e9es et de l\u2019Atlantique aux Alpes, fut unie \u00e0 partir du Moyen-\u00c2ge par une m\u00eame langue, l\u2019occitan (et non la nouvelle r\u00e9gion administrative !). L\u2019expos\u00e9 est clair et vivant, ponctu\u00e9 de rep\u00e8res chronologiques. Pour une fois, [&hellip;]<\/p>\n","protected":false},"author":1,"featured_media":50850,"comment_status":"open","ping_status":"open","sticky":false,"template":"","format":"standard","meta":{"_acf_changed":false,"_genesis_hide_title":false,"_genesis_hide_breadcrumbs":false,"_genesis_hide_singular_image":false,"_genesis_hide_footer_widgets":false,"_genesis_custom_body_class":"","_genesis_custom_post_class":"","_genesis_layout":"","footnotes":""},"categories":[155],"tags":[],"class_list":{"0":"post-50853","1":"post","2":"type-post","3":"status-publish","4":"format-standard","5":"has-post-thumbnail","7":"category-special-favourites-new-releases","8":"entry"},"acf":[],"_links":{"self":[{"href":"https:\/\/www.libraria-occitana.org\/en\/wp-json\/wp\/v2\/posts\/50853","targetHints":{"allow":["GET"]}}],"collection":[{"href":"https:\/\/www.libraria-occitana.org\/en\/wp-json\/wp\/v2\/posts"}],"about":[{"href":"https:\/\/www.libraria-occitana.org\/en\/wp-json\/wp\/v2\/types\/post"}],"author":[{"embeddable":true,"href":"https:\/\/www.libraria-occitana.org\/en\/wp-json\/wp\/v2\/users\/1"}],"replies":[{"embeddable":true,"href":"https:\/\/www.libraria-occitana.org\/en\/wp-json\/wp\/v2\/comments?post=50853"}],"version-history":[{"count":0,"href":"https:\/\/www.libraria-occitana.org\/en\/wp-json\/wp\/v2\/posts\/50853\/revisions"}],"wp:featuredmedia":[{"embeddable":true,"href":"https:\/\/www.libraria-occitana.org\/en\/wp-json\/wp\/v2\/media\/50850"}],"wp:attachment":[{"href":"https:\/\/www.libraria-occitana.org\/en\/wp-json\/wp\/v2\/media?parent=50853"}],"wp:term":[{"taxonomy":"category","embeddable":true,"href":"https:\/\/www.libraria-occitana.org\/en\/wp-json\/wp\/v2\/categories?post=50853"},{"taxonomy":"post_tag","embeddable":true,"href":"https:\/\/www.libraria-occitana.org\/en\/wp-json\/wp\/v2\/tags?post=50853"}],"curies":[{"name":"wp","href":"https:\/\/api.w.org\/{rel}","templated":true}]}}