{"id":50994,"date":"2018-07-10T10:58:24","date_gmt":"2018-07-10T08:58:24","guid":{"rendered":"http:\/\/www.libraria-occitana.org\/ma-lenga-fabiana\/"},"modified":"2018-07-10T10:58:24","modified_gmt":"2018-07-10T08:58:24","slug":"ma-lenga-fabiana","status":"publish","type":"post","link":"https:\/\/www.libraria-occitana.org\/oc\/ma-lenga-fabiana\/","title":{"rendered":"Ma lenga (Fabiana)"},"content":{"rendered":"<p>Pourquoi une langue vieille de 1200 ans est-elle en train de mourir\u00a0? Pourquoi dit-on qu\u2019il s\u2019agit d\u2019un patois, alors que l\u2019adjectif occitan existe depuis le Moyen-\u00c2ge\u00a0? Pourquoi a-t-elle \u00e9t\u00e9 frapp\u00e9e d\u2019interdits, d\u2019abord celui de l\u2019\u00e9crire, puis celui de la parler\u00a0? Que risquons-nous si elle dispara\u00eet\u00a0?<br \/>\nUn grand silence entoure ces questions. Histoire, politique et pr\u00e9jug\u00e9s s\u2019en m\u00ealent.<\/p>\n<p>Retra\u00e7ant son parcours personnel, Jan dau Melhau analyse les relations qu\u2019il entretient avec sa langue et nous explique tout ce qu\u2019\u00e0 l\u2019\u00e9cole on ne nous apprend pas.<br \/>\nUn livre bilingue, pour tous.<\/p>\n<p><em>Ma lenga \u2013 Ma langue<\/em>, Jan dau Melhau, Chas ilhs, 2012, 61 p., 10 x 16 cm, 7,00 \u20ac.<\/p>\n<p><a href=\"http:\/\/www.libraria-occitana.org\/en\/produit\/ma-lenga-ma-langue\/\"><img loading=\"lazy\" decoding=\"async\" class=\"alignnone size-medium wp-image-16726\" src=\"http:\/\/www.libraria-occitana.org\/wp-content\/uploads\/2015\/03\/je-le-veux.jpg\" alt=\"je-le-veux\" width=\"97\" height=\"28\" \/><\/a><\/p>\n","protected":false},"excerpt":{"rendered":"<p>Pourquoi une langue vieille de 1200 ans est-elle en train de mourir\u00a0? Pourquoi dit-on qu\u2019il s\u2019agit d\u2019un patois, alors que l\u2019adjectif occitan existe depuis le Moyen-\u00c2ge\u00a0? Pourquoi a-t-elle \u00e9t\u00e9 frapp\u00e9e d\u2019interdits, d\u2019abord celui de l\u2019\u00e9crire, puis celui de la parler\u00a0? Que risquons-nous si elle dispara\u00eet\u00a0? Un grand silence entoure ces questions. Histoire, politique et pr\u00e9jug\u00e9s [&hellip;]<\/p>\n","protected":false},"author":1,"featured_media":50967,"comment_status":"open","ping_status":"open","sticky":false,"template":"","format":"standard","meta":{"_acf_changed":false,"_genesis_hide_title":false,"_genesis_hide_breadcrumbs":false,"_genesis_hide_singular_image":false,"_genesis_hide_footer_widgets":false,"_genesis_custom_body_class":"","_genesis_custom_post_class":"","_genesis_layout":"","footnotes":""},"categories":[156],"tags":[],"class_list":{"0":"post-50994","1":"post","2":"type-post","3":"status-publish","4":"format-standard","5":"has-post-thumbnail","7":"category-quo-quavem-aimat-e-quo-noveu","8":"entry"},"acf":[],"_links":{"self":[{"href":"https:\/\/www.libraria-occitana.org\/oc\/wp-json\/wp\/v2\/posts\/50994","targetHints":{"allow":["GET"]}}],"collection":[{"href":"https:\/\/www.libraria-occitana.org\/oc\/wp-json\/wp\/v2\/posts"}],"about":[{"href":"https:\/\/www.libraria-occitana.org\/oc\/wp-json\/wp\/v2\/types\/post"}],"author":[{"embeddable":true,"href":"https:\/\/www.libraria-occitana.org\/oc\/wp-json\/wp\/v2\/users\/1"}],"replies":[{"embeddable":true,"href":"https:\/\/www.libraria-occitana.org\/oc\/wp-json\/wp\/v2\/comments?post=50994"}],"version-history":[{"count":0,"href":"https:\/\/www.libraria-occitana.org\/oc\/wp-json\/wp\/v2\/posts\/50994\/revisions"}],"wp:featuredmedia":[{"embeddable":true,"href":"https:\/\/www.libraria-occitana.org\/oc\/wp-json\/wp\/v2\/media\/50967"}],"wp:attachment":[{"href":"https:\/\/www.libraria-occitana.org\/oc\/wp-json\/wp\/v2\/media?parent=50994"}],"wp:term":[{"taxonomy":"category","embeddable":true,"href":"https:\/\/www.libraria-occitana.org\/oc\/wp-json\/wp\/v2\/categories?post=50994"},{"taxonomy":"post_tag","embeddable":true,"href":"https:\/\/www.libraria-occitana.org\/oc\/wp-json\/wp\/v2\/tags?post=50994"}],"curies":[{"name":"wp","href":"https:\/\/api.w.org\/{rel}","templated":true}]}}