{"id":51020,"date":"2019-03-10T12:07:46","date_gmt":"2019-03-10T11:07:46","guid":{"rendered":"http:\/\/www.libraria-occitana.org\/petite-chronique-de-la-boue-danisa\/"},"modified":"2020-05-10T12:24:59","modified_gmt":"2020-05-10T10:24:59","slug":"petite-chronique-de-la-boue-danisa","status":"publish","type":"post","link":"https:\/\/www.libraria-occitana.org\/oc\/petite-chronique-de-la-boue-danisa\/","title":{"rendered":"Petite chronique de la boue (Danisa)"},"content":{"rendered":"<p><em>Petite chronique de la boue<\/em>, c\u2019est la chronique d\u2019un village gascon entre Bigorre et Armagnac. Les hommes qui y vivent sont tiraill\u00e9s entre la boue qui colle aux sabots en hiver, la boue de l\u2019\u00e2me qui les fait se jeter \u00ab au vin comme on se jette \u00e0 l\u2019eau \u00bb par d\u00e9sespoir, ou traiter les femmes de \u00ab femelles \u00bb en chaleur ou d\u2019\u00ab oies grasses \u00bb par ignorance et peur de l\u2019autre sexe, et leur d\u00e9sir de s\u2019en extraire pour s\u2019\u00e9lever au-dessus de la condition humaine. Et ils y parviennent, gr\u00e2ce \u00e0 une nature omnipr\u00e9sente, sensuelle et g\u00e9n\u00e9reuse, l\u2019un en pardonnant \u00e0 sa jeune mari\u00e9e adult\u00e8re, l\u2019autre en d\u00e9couvrant la chaleur de l\u2019amour paternel, d\u2019autres la force de l\u2019amiti\u00e9 et de la solidarit\u00e9 politique.<\/p>\n<p>Pour Marius Nogu\u00e8s, nous ne pouvons vivre sans \u00ab la musique pa\u00efenne et forte \u00bb de la nature, car elle nous rassure sur l\u2019\u00ab \u00e9ternit\u00e9 de la vie \u00bb.<\/p>\n<p>EAN 9782854520873<br \/>\n<em>Petite chronique de la boue<\/em>, Marius Nogu\u00e8s, illustrations Pertuz\u00e9, \u00c9ditions Plein Chant, 1990, 109 p., 13 x 19 cm, 9,00 \u20ac.<\/p>\n<p><a href=\"http:\/\/www.libraria-occitana.org\/produit\/petite-chronique-de-la-boue\/\"><img loading=\"lazy\" decoding=\"async\" class=\"alignnone size-medium wp-image-16726\" src=\"http:\/\/www.libraria-occitana.org\/wp-content\/uploads\/2015\/03\/je-le-veux.jpg\" alt=\"je-le-veux\" width=\"97\" height=\"28\" \/><\/a><\/p>\n","protected":false},"excerpt":{"rendered":"<p>Petite chronique de la boue, c\u2019est la chronique d\u2019un village gascon entre Bigorre et Armagnac. Les hommes qui y vivent sont tiraill\u00e9s entre la boue qui colle aux sabots en hiver, la boue de l\u2019\u00e2me qui les fait se jeter \u00ab au vin comme on se jette \u00e0 l\u2019eau \u00bb par d\u00e9sespoir, ou traiter les [&hellip;]<\/p>\n","protected":false},"author":1,"featured_media":51017,"comment_status":"open","ping_status":"open","sticky":false,"template":"","format":"standard","meta":{"_acf_changed":false,"_genesis_hide_title":false,"_genesis_hide_breadcrumbs":false,"_genesis_hide_singular_image":false,"_genesis_hide_footer_widgets":false,"_genesis_custom_body_class":"","_genesis_custom_post_class":"","_genesis_layout":"","footnotes":""},"categories":[156],"tags":[],"class_list":{"0":"post-51020","1":"post","2":"type-post","3":"status-publish","4":"format-standard","5":"has-post-thumbnail","7":"category-quo-quavem-aimat-e-quo-noveu","8":"entry"},"acf":[],"_links":{"self":[{"href":"https:\/\/www.libraria-occitana.org\/oc\/wp-json\/wp\/v2\/posts\/51020","targetHints":{"allow":["GET"]}}],"collection":[{"href":"https:\/\/www.libraria-occitana.org\/oc\/wp-json\/wp\/v2\/posts"}],"about":[{"href":"https:\/\/www.libraria-occitana.org\/oc\/wp-json\/wp\/v2\/types\/post"}],"author":[{"embeddable":true,"href":"https:\/\/www.libraria-occitana.org\/oc\/wp-json\/wp\/v2\/users\/1"}],"replies":[{"embeddable":true,"href":"https:\/\/www.libraria-occitana.org\/oc\/wp-json\/wp\/v2\/comments?post=51020"}],"version-history":[{"count":0,"href":"https:\/\/www.libraria-occitana.org\/oc\/wp-json\/wp\/v2\/posts\/51020\/revisions"}],"wp:featuredmedia":[{"embeddable":true,"href":"https:\/\/www.libraria-occitana.org\/oc\/wp-json\/wp\/v2\/media\/51017"}],"wp:attachment":[{"href":"https:\/\/www.libraria-occitana.org\/oc\/wp-json\/wp\/v2\/media?parent=51020"}],"wp:term":[{"taxonomy":"category","embeddable":true,"href":"https:\/\/www.libraria-occitana.org\/oc\/wp-json\/wp\/v2\/categories?post=51020"},{"taxonomy":"post_tag","embeddable":true,"href":"https:\/\/www.libraria-occitana.org\/oc\/wp-json\/wp\/v2\/tags?post=51020"}],"curies":[{"name":"wp","href":"https:\/\/api.w.org\/{rel}","templated":true}]}}