{"id":52060,"date":"2020-06-05T12:40:30","date_gmt":"2020-06-05T10:40:30","guid":{"rendered":"http:\/\/www.libraria-occitana.org\/?p=52060"},"modified":"2020-06-23T14:16:03","modified_gmt":"2020-06-23T12:16:03","slug":"michel-tintou-nos-a-laissat","status":"publish","type":"post","link":"https:\/\/www.libraria-occitana.org\/oc\/michel-tintou-nos-a-laissat\/","title":{"rendered":"Michel Tintou nos a laissat"},"content":{"rendered":"<p><a href=\"http:\/\/www.libraria-occitana.org\/wp-content\/uploads\/2020\/06\/michel_tintou.jpg\"><img loading=\"lazy\" decoding=\"async\" class=\"alignleft wp-image-52052 size-full\" src=\"http:\/\/www.libraria-occitana.org\/wp-content\/uploads\/2020\/06\/michel_tintou.jpg\" alt=\"\" width=\"200\" height=\"240\" srcset=\"https:\/\/www.libraria-occitana.org\/wp-content\/uploads\/2020\/06\/michel_tintou.jpg 200w, https:\/\/www.libraria-occitana.org\/wp-content\/uploads\/2020\/06\/michel_tintou-150x180.jpg 150w\" sizes=\"auto, (max-width: 200px) 100vw, 200px\" \/><\/a><\/p>\n<blockquote>\n<p>Majoral du F\u00e9librige depuis 1968, Michel Tintou est l&#8217;auteur d&#8217;un <em>Abr\u00e9g\u00e9 pratique de grammaire limousine<\/em>, publi\u00e9 en 1969. Sa <em>Grammaire limousine<\/em>, \u00e9dit\u00e9e par <em>Lemouzi<\/em> en 1973, puis r\u00e9\u00e9dit\u00e9e en 1983, peut \u00eatre consid\u00e9r\u00e9e comme un ouvrage de r\u00e9f\u00e9rence. Cet autodidacte volontaire repousse pourtant absolument le qualificatif de \u00ab sp\u00e9cialiste \u00bb. Seul compte, pour lui, un authentique et ind\u00e9fectible patriotisme limousin, engagement sans faille de toute une vie consacr\u00e9e au pays natal comme \u00e0 son peuple, et qui reste le moteur puissant de toutes ses activit\u00e9s de chercheur, de linguiste et d&#8217;historien de nos traditions vernaculaires.<\/p>\n<p>Adolescent, d\u00e9j\u00e0, Michel Tintou, ulc\u00e9r\u00e9 de voir la langue, l&#8217;histoire et la culture du Limousin, absentes d&#8217;un enseignement t\u00e9l\u00e9command\u00e9 de Paris, alli\u00e9 au m\u00e9pris d&#8217;un droit l\u00e9gitime qui est aussi un droit de l&#8217;homme le plus \u00e9l\u00e9mentaire, avait d\u00e9cid\u00e9 de r\u00e9agir en relevant, faute de mieux, les principaux termes d&#8217;un parler encore assez largement pratiqu\u00e9, \u00e0 cette \u00e9poque, dans nos campagnes et nos villes, comme dans tous les faubourgs de Limoges, mais dont il constatait, chaque jour avec douleur, l&#8217;effritement permanent.<\/p>\n<p>Le <em>Dictionnaire fran\u00e7ais-limousin<\/em>, compl\u00e9t\u00e9, peu \u00e0 peu, pendant un quart de si\u00e8cle, enrichi de glanures, souvent recueillies au cours de ses nombreux d\u00e9placements professionnels, rend d&#8217;appr\u00e9ciables services \u00e0 son auteur, un int\u00e9r\u00eat qu&#8217;il entend aujourd&#8217;hui partager en le mettant \u00e0 la port\u00e9e de tous \u00ab les honn\u00eates gens \u00bb&#8230;<\/p>\n<\/blockquote>\n<p style=\"text-align: right;\">Robert Joudoux, extrach de la quatresma de cuberta dau <em>Dictionnaire fran\u00e7ais-limousin<\/em> (2006) de Micheu Tinton.<\/p>\n<p>Micheu Tinton, nascut en 1932 a Lim\u00f2tges (87), es m\u00f2rt &#8216;questa setmana.<\/p>\n<p><a href=\"http:\/\/www.libraria-occitana.org\/oc\/produch\/grammaire-limousine-lemouzi-n85-bis\/\"><img loading=\"lazy\" decoding=\"async\" class=\"alignnone size-medium wp-image-16935\" src=\"http:\/\/www.libraria-occitana.org\/wp-content\/uploads\/2015\/06\/grammaire-tintou-196x300.jpg\" alt=\"\" width=\"196\" height=\"300\" srcset=\"https:\/\/www.libraria-occitana.org\/wp-content\/uploads\/2015\/06\/grammaire-tintou-196x300.jpg 196w, https:\/\/www.libraria-occitana.org\/wp-content\/uploads\/2015\/06\/grammaire-tintou-388x595.jpg 388w, https:\/\/www.libraria-occitana.org\/wp-content\/uploads\/2015\/06\/grammaire-tintou-444x681.jpg 444w, https:\/\/www.libraria-occitana.org\/wp-content\/uploads\/2015\/06\/grammaire-tintou-768x1178.jpg 768w, https:\/\/www.libraria-occitana.org\/wp-content\/uploads\/2015\/06\/grammaire-tintou-668x1024.jpg 668w, https:\/\/www.libraria-occitana.org\/wp-content\/uploads\/2015\/06\/grammaire-tintou-600x920.jpg 600w, https:\/\/www.libraria-occitana.org\/wp-content\/uploads\/2015\/06\/grammaire-tintou-140x214.jpg 140w, https:\/\/www.libraria-occitana.org\/wp-content\/uploads\/2015\/06\/grammaire-tintou-329x504.jpg 329w, https:\/\/www.libraria-occitana.org\/wp-content\/uploads\/2015\/06\/grammaire-tintou-376x576.jpg 376w, https:\/\/www.libraria-occitana.org\/wp-content\/uploads\/2015\/06\/grammaire-tintou-32x48.jpg 32w, https:\/\/www.libraria-occitana.org\/wp-content\/uploads\/2015\/06\/grammaire-tintou.jpg 1241w\" sizes=\"auto, (max-width: 196px) 100vw, 196px\" \/><\/a><a href=\"http:\/\/www.libraria-occitana.org\/produit\/dictionnaire-francais-limousin-lemouzi-n178-ter\/\">\u00a0 \u00a0 \u00a0 \u00a0 \u00a0<img loading=\"lazy\" decoding=\"async\" class=\"alignnone size-medium wp-image-16937\" src=\"http:\/\/www.libraria-occitana.org\/wp-content\/uploads\/2015\/06\/dico-tintou-206x300.jpg\" alt=\"\" width=\"206\" height=\"300\" srcset=\"https:\/\/www.libraria-occitana.org\/wp-content\/uploads\/2015\/06\/dico-tintou-206x300.jpg 206w, https:\/\/www.libraria-occitana.org\/wp-content\/uploads\/2015\/06\/dico-tintou-388x566.jpg 388w, https:\/\/www.libraria-occitana.org\/wp-content\/uploads\/2015\/06\/dico-tintou-444x647.jpg 444w, https:\/\/www.libraria-occitana.org\/wp-content\/uploads\/2015\/06\/dico-tintou-768x1120.jpg 768w, https:\/\/www.libraria-occitana.org\/wp-content\/uploads\/2015\/06\/dico-tintou-702x1024.jpg 702w, https:\/\/www.libraria-occitana.org\/wp-content\/uploads\/2015\/06\/dico-tintou-600x875.jpg 600w, https:\/\/www.libraria-occitana.org\/wp-content\/uploads\/2015\/06\/dico-tintou-147x214.jpg 147w, https:\/\/www.libraria-occitana.org\/wp-content\/uploads\/2015\/06\/dico-tintou-346x504.jpg 346w, https:\/\/www.libraria-occitana.org\/wp-content\/uploads\/2015\/06\/dico-tintou-395x576.jpg 395w, https:\/\/www.libraria-occitana.org\/wp-content\/uploads\/2015\/06\/dico-tintou-32x48.jpg 32w, https:\/\/www.libraria-occitana.org\/wp-content\/uploads\/2015\/06\/dico-tintou.jpg 1262w\" sizes=\"auto, (max-width: 206px) 100vw, 206px\" \/><\/a><\/p>\n","protected":false},"excerpt":{"rendered":"<p>Majoral du F\u00e9librige depuis 1968, Michel Tintou est l&#8217;auteur d&#8217;un Abr\u00e9g\u00e9 pratique de grammaire limousine, publi\u00e9 en 1969. Sa Grammaire limousine, \u00e9dit\u00e9e par Lemouzi en 1973, puis r\u00e9\u00e9dit\u00e9e en 1983, peut \u00eatre consid\u00e9r\u00e9e comme un ouvrage de r\u00e9f\u00e9rence. Cet autodidacte volontaire repousse pourtant absolument le qualificatif de \u00ab sp\u00e9cialiste \u00bb. Seul compte, pour lui, un [&hellip;]<\/p>\n","protected":false},"author":1,"featured_media":52057,"comment_status":"open","ping_status":"open","sticky":false,"template":"","format":"standard","meta":{"_acf_changed":false,"_genesis_hide_title":false,"_genesis_hide_breadcrumbs":false,"_genesis_hide_singular_image":false,"_genesis_hide_footer_widgets":false,"_genesis_custom_body_class":"","_genesis_custom_post_class":"","_genesis_layout":"","footnotes":""},"categories":[158],"tags":[],"class_list":{"0":"post-52060","1":"post","2":"type-post","3":"status-publish","4":"format-standard","5":"has-post-thumbnail","7":"category-dorsiers","8":"entry"},"acf":[],"_links":{"self":[{"href":"https:\/\/www.libraria-occitana.org\/oc\/wp-json\/wp\/v2\/posts\/52060","targetHints":{"allow":["GET"]}}],"collection":[{"href":"https:\/\/www.libraria-occitana.org\/oc\/wp-json\/wp\/v2\/posts"}],"about":[{"href":"https:\/\/www.libraria-occitana.org\/oc\/wp-json\/wp\/v2\/types\/post"}],"author":[{"embeddable":true,"href":"https:\/\/www.libraria-occitana.org\/oc\/wp-json\/wp\/v2\/users\/1"}],"replies":[{"embeddable":true,"href":"https:\/\/www.libraria-occitana.org\/oc\/wp-json\/wp\/v2\/comments?post=52060"}],"version-history":[{"count":0,"href":"https:\/\/www.libraria-occitana.org\/oc\/wp-json\/wp\/v2\/posts\/52060\/revisions"}],"wp:featuredmedia":[{"embeddable":true,"href":"https:\/\/www.libraria-occitana.org\/oc\/wp-json\/wp\/v2\/media\/52057"}],"wp:attachment":[{"href":"https:\/\/www.libraria-occitana.org\/oc\/wp-json\/wp\/v2\/media?parent=52060"}],"wp:term":[{"taxonomy":"category","embeddable":true,"href":"https:\/\/www.libraria-occitana.org\/oc\/wp-json\/wp\/v2\/categories?post=52060"},{"taxonomy":"post_tag","embeddable":true,"href":"https:\/\/www.libraria-occitana.org\/oc\/wp-json\/wp\/v2\/tags?post=52060"}],"curies":[{"name":"wp","href":"https:\/\/api.w.org\/{rel}","templated":true}]}}